{"id":5798,"date":"2023-10-18T15:19:42","date_gmt":"2023-10-18T13:19:42","guid":{"rendered":"http:\/\/www.pousse-poussette.fr\/?p=5798"},"modified":"2023-10-18T15:21:55","modified_gmt":"2023-10-18T13:21:55","slug":"sur-des-airs-de-guitare-accordeon-harmonica-tambourin-maracas-clochettes","status":"publish","type":"post","link":"https:\/\/www.pousse-poussette.fr\/?p=5798","title":{"rendered":"Sur des airs de guitare, accord\u00e9on, harmonica, tambourin, maracas, clochettes &#8230;."},"content":{"rendered":"\n<p>C&rsquo;est avec plaisir que nous accueillerons r\u00e9guli\u00e8rement Jean-Michel REY (chanteur pour enfants) et Myriam ( intervenante musical ) tout au long de l&rsquo;ann\u00e9e.<\/p>\n\n\n\n<p>Nous chanterons et danserons sur les diff\u00e9rentes m\u00e9lodies que nous connaissons et les nouvelles que nous ne manquerons pas d&rsquo;inclure dans notre r\u00e9pertoire.<\/p>\n\n\n\n<p>Merci \u00e0 eux pour ces merveilleux moments de partage.<\/p>\n\n\n\n<p>Des s\u00e9ances musique seront \u00e9galement organis\u00e9es par le personnel.<\/p>\n\n\n\n<p><\/p>\n\n\n\n<p><\/p>\n\n\n\n<figure class=\"wp-block-gallery has-nested-images columns-3 is-cropped wp-block-gallery-1 is-layout-flex wp-block-gallery-is-layout-flex\">\n<figure class=\"wp-block-image size-large\"><a href=\"https:\/\/www.pousse-poussette.fr\/wp-content\/uploads\/2023\/10\/a1-scaled.jpg\"><img loading=\"lazy\" decoding=\"async\" width=\"1024\" height=\"768\" data-id=\"5799\" src=\"https:\/\/www.pousse-poussette.fr\/wp-content\/uploads\/2023\/10\/a1-1024x768.jpg\" alt=\"\" class=\"wp-image-5799\" srcset=\"https:\/\/www.pousse-poussette.fr\/wp-content\/uploads\/2023\/10\/a1-1024x768.jpg 1024w, https:\/\/www.pousse-poussette.fr\/wp-content\/uploads\/2023\/10\/a1-300x225.jpg 300w, https:\/\/www.pousse-poussette.fr\/wp-content\/uploads\/2023\/10\/a1-768x576.jpg 768w, https:\/\/www.pousse-poussette.fr\/wp-content\/uploads\/2023\/10\/a1-1536x1152.jpg 1536w, https:\/\/www.pousse-poussette.fr\/wp-content\/uploads\/2023\/10\/a1-2048x1536.jpg 2048w\" sizes=\"auto, (max-width: 1024px) 100vw, 1024px\" \/><\/a><figcaption>Connaissance avec Myriam.<\/figcaption><\/figure>\n\n\n\n<figure class=\"wp-block-image size-large\"><a href=\"https:\/\/www.pousse-poussette.fr\/wp-content\/uploads\/2023\/10\/1-72-B-scaled.jpg\"><img loading=\"lazy\" decoding=\"async\" width=\"1024\" height=\"768\" data-id=\"5805\" src=\"https:\/\/www.pousse-poussette.fr\/wp-content\/uploads\/2023\/10\/1-72-B-1024x768.jpg\" alt=\"\" class=\"wp-image-5805\" srcset=\"https:\/\/www.pousse-poussette.fr\/wp-content\/uploads\/2023\/10\/1-72-B-1024x768.jpg 1024w, https:\/\/www.pousse-poussette.fr\/wp-content\/uploads\/2023\/10\/1-72-B-300x225.jpg 300w, https:\/\/www.pousse-poussette.fr\/wp-content\/uploads\/2023\/10\/1-72-B-768x576.jpg 768w, https:\/\/www.pousse-poussette.fr\/wp-content\/uploads\/2023\/10\/1-72-B-1536x1152.jpg 1536w, https:\/\/www.pousse-poussette.fr\/wp-content\/uploads\/2023\/10\/1-72-B-2048x1536.jpg 2048w\" sizes=\"auto, (max-width: 1024px) 100vw, 1024px\" \/><\/a><figcaption>Chansons anim\u00e9es avec des foulards&#8230;<\/figcaption><\/figure>\n\n\n\n<figure class=\"wp-block-image size-large\"><a href=\"https:\/\/www.pousse-poussette.fr\/wp-content\/uploads\/2023\/10\/1-82-B-scaled.jpg\"><img loading=\"lazy\" decoding=\"async\" width=\"1024\" height=\"768\" data-id=\"5804\" src=\"https:\/\/www.pousse-poussette.fr\/wp-content\/uploads\/2023\/10\/1-82-B-1024x768.jpg\" alt=\"\" class=\"wp-image-5804\" srcset=\"https:\/\/www.pousse-poussette.fr\/wp-content\/uploads\/2023\/10\/1-82-B-1024x768.jpg 1024w, https:\/\/www.pousse-poussette.fr\/wp-content\/uploads\/2023\/10\/1-82-B-300x225.jpg 300w, https:\/\/www.pousse-poussette.fr\/wp-content\/uploads\/2023\/10\/1-82-B-768x576.jpg 768w, https:\/\/www.pousse-poussette.fr\/wp-content\/uploads\/2023\/10\/1-82-B-1536x1152.jpg 1536w, https:\/\/www.pousse-poussette.fr\/wp-content\/uploads\/2023\/10\/1-82-B-2048x1536.jpg 2048w\" sizes=\"auto, (max-width: 1024px) 100vw, 1024px\" \/><\/a><figcaption>&#8230;puis relaxation.<\/figcaption><\/figure>\n<\/figure>\n\n\n\n<figure class=\"wp-block-gallery has-nested-images columns-default wp-block-gallery-2 is-layout-flex wp-block-gallery-is-layout-flex\">\n<figure class=\"wp-block-image size-large\"><a href=\"https:\/\/www.pousse-poussette.fr\/wp-content\/uploads\/2023\/10\/1-159-B-3-scaled.jpg\"><img loading=\"lazy\" decoding=\"async\" width=\"768\" height=\"1024\" data-id=\"5810\" src=\"https:\/\/www.pousse-poussette.fr\/wp-content\/uploads\/2023\/10\/1-159-B-3-768x1024.jpg\" alt=\"\" class=\"wp-image-5810\" srcset=\"https:\/\/www.pousse-poussette.fr\/wp-content\/uploads\/2023\/10\/1-159-B-3-768x1024.jpg 768w, https:\/\/www.pousse-poussette.fr\/wp-content\/uploads\/2023\/10\/1-159-B-3-225x300.jpg 225w, https:\/\/www.pousse-poussette.fr\/wp-content\/uploads\/2023\/10\/1-159-B-3-1152x1536.jpg 1152w, https:\/\/www.pousse-poussette.fr\/wp-content\/uploads\/2023\/10\/1-159-B-3-1536x2048.jpg 1536w, https:\/\/www.pousse-poussette.fr\/wp-content\/uploads\/2023\/10\/1-159-B-3-scaled.jpg 1920w\" sizes=\"auto, (max-width: 768px) 100vw, 768px\" \/><\/a><figcaption>Jean-Michel est revenu avec de nouvelles chansons&#8230;.<\/figcaption><\/figure>\n\n\n\n<figure class=\"wp-block-image size-large\"><a href=\"https:\/\/www.pousse-poussette.fr\/wp-content\/uploads\/2023\/10\/1-178-B-scaled.jpg\"><img loading=\"lazy\" decoding=\"async\" width=\"768\" height=\"1024\" data-id=\"5808\" src=\"https:\/\/www.pousse-poussette.fr\/wp-content\/uploads\/2023\/10\/1-178-B-768x1024.jpg\" alt=\"\" class=\"wp-image-5808\" srcset=\"https:\/\/www.pousse-poussette.fr\/wp-content\/uploads\/2023\/10\/1-178-B-768x1024.jpg 768w, https:\/\/www.pousse-poussette.fr\/wp-content\/uploads\/2023\/10\/1-178-B-225x300.jpg 225w, https:\/\/www.pousse-poussette.fr\/wp-content\/uploads\/2023\/10\/1-178-B-1152x1536.jpg 1152w, https:\/\/www.pousse-poussette.fr\/wp-content\/uploads\/2023\/10\/1-178-B-1536x2048.jpg 1536w, https:\/\/www.pousse-poussette.fr\/wp-content\/uploads\/2023\/10\/1-178-B-scaled.jpg 1920w\" sizes=\"auto, (max-width: 768px) 100vw, 768px\" \/><\/a><figcaption>&#8230;.et sa guitare .<\/figcaption><\/figure>\n\n\n\n<figure class=\"wp-block-image size-large\"><a href=\"https:\/\/www.pousse-poussette.fr\/wp-content\/uploads\/2023\/10\/1-153-B-scaled.jpg\"><img loading=\"lazy\" decoding=\"async\" width=\"1024\" height=\"768\" data-id=\"5811\" src=\"https:\/\/www.pousse-poussette.fr\/wp-content\/uploads\/2023\/10\/1-153-B-1024x768.jpg\" alt=\"\" class=\"wp-image-5811\" srcset=\"https:\/\/www.pousse-poussette.fr\/wp-content\/uploads\/2023\/10\/1-153-B-1024x768.jpg 1024w, https:\/\/www.pousse-poussette.fr\/wp-content\/uploads\/2023\/10\/1-153-B-300x225.jpg 300w, https:\/\/www.pousse-poussette.fr\/wp-content\/uploads\/2023\/10\/1-153-B-768x576.jpg 768w, https:\/\/www.pousse-poussette.fr\/wp-content\/uploads\/2023\/10\/1-153-B-1536x1152.jpg 1536w, https:\/\/www.pousse-poussette.fr\/wp-content\/uploads\/2023\/10\/1-153-B-2048x1536.jpg 2048w\" sizes=\"auto, (max-width: 1024px) 100vw, 1024px\" \/><\/a><figcaption>S\u00e9ance musique .<\/figcaption><\/figure>\n<\/figure>\n\n\n\n<p><\/p>\n","protected":false},"excerpt":{"rendered":"<p>C&rsquo;est avec plaisir que nous accueillerons r\u00e9guli\u00e8rement Jean-Michel REY (chanteur pour enfants) et Myriam ( intervenante musical ) tout au long de l&rsquo;ann\u00e9e. Nous chanterons et danserons sur les diff\u00e9rentes m\u00e9lodies que nous connaissons et les nouvelles que nous ne manquerons pas d&rsquo;inclure dans notre r\u00e9pertoire. Merci \u00e0 eux pour ces merveilleux moments de partage&#8230;.<br \/><a class=\"more-link\" href=\"https:\/\/www.pousse-poussette.fr\/?p=5798\">Continue reading &raquo;<\/a><\/p>\n","protected":false},"author":8,"featured_media":0,"comment_status":"closed","ping_status":"open","sticky":false,"template":"","format":"standard","meta":{"footnotes":""},"categories":[1],"tags":[],"class_list":["post-5798","post","type-post","status-publish","format-standard","hentry","category-infos"],"_links":{"self":[{"href":"https:\/\/www.pousse-poussette.fr\/index.php?rest_route=\/wp\/v2\/posts\/5798","targetHints":{"allow":["GET"]}}],"collection":[{"href":"https:\/\/www.pousse-poussette.fr\/index.php?rest_route=\/wp\/v2\/posts"}],"about":[{"href":"https:\/\/www.pousse-poussette.fr\/index.php?rest_route=\/wp\/v2\/types\/post"}],"author":[{"embeddable":true,"href":"https:\/\/www.pousse-poussette.fr\/index.php?rest_route=\/wp\/v2\/users\/8"}],"replies":[{"embeddable":true,"href":"https:\/\/www.pousse-poussette.fr\/index.php?rest_route=%2Fwp%2Fv2%2Fcomments&post=5798"}],"version-history":[{"count":3,"href":"https:\/\/www.pousse-poussette.fr\/index.php?rest_route=\/wp\/v2\/posts\/5798\/revisions"}],"predecessor-version":[{"id":5814,"href":"https:\/\/www.pousse-poussette.fr\/index.php?rest_route=\/wp\/v2\/posts\/5798\/revisions\/5814"}],"wp:attachment":[{"href":"https:\/\/www.pousse-poussette.fr\/index.php?rest_route=%2Fwp%2Fv2%2Fmedia&parent=5798"}],"wp:term":[{"taxonomy":"category","embeddable":true,"href":"https:\/\/www.pousse-poussette.fr\/index.php?rest_route=%2Fwp%2Fv2%2Fcategories&post=5798"},{"taxonomy":"post_tag","embeddable":true,"href":"https:\/\/www.pousse-poussette.fr\/index.php?rest_route=%2Fwp%2Fv2%2Ftags&post=5798"}],"curies":[{"name":"wp","href":"https:\/\/api.w.org\/{rel}","templated":true}]}}